{"id":3330,"date":"2021-06-09T09:44:06","date_gmt":"2021-06-09T09:44:06","guid":{"rendered":"https:\/\/digimittelschule2badgoisern.at\/?p=3330"},"modified":"2021-06-16T09:01:16","modified_gmt":"2021-06-16T09:01:16","slug":"projekt-klimaacker","status":"publish","type":"post","link":"https:\/\/digimittelschule2badgoisern.at\/?p=3330","title":{"rendered":"Projekt Klimaacker"},"content":{"rendered":"\t\t<div data-elementor-type=\"wp-post\" data-elementor-id=\"3330\" class=\"elementor elementor-3330\" data-elementor-post-type=\"post\">\n\t\t\t\t\t\t<section class=\"elementor-section elementor-top-section elementor-element elementor-element-72f65c5 elementor-section-boxed elementor-section-height-default elementor-section-height-default\" data-id=\"72f65c5\" data-element_type=\"section\">\n\t\t\t\t\t\t<div class=\"elementor-container elementor-column-gap-default\">\n\t\t\t\t\t<div class=\"elementor-column elementor-col-100 elementor-top-column elementor-element elementor-element-762a09a\" data-id=\"762a09a\" data-element_type=\"column\">\n\t\t\t<div class=\"elementor-widget-wrap elementor-element-populated\">\n\t\t\t\t\t\t<div class=\"elementor-element elementor-element-190e323 elementor-widget elementor-widget-text-editor\" data-id=\"190e323\" data-element_type=\"widget\" data-widget_type=\"text-editor.default\">\n\t\t\t\t<div class=\"elementor-widget-container\">\n\t\t\t\t\t\t\t<p><span style=\"color: #000000;\"><b>Gelebte Nachhaltigkeit<\/b><\/span><\/p><p><span style=\"color: #000000;\"><span style=\"font-weight: 400;\">Im Rahmen des Schulgartenprojektes \u201cKlimaacker\u201d wurde ein Kr\u00e4uter- und Gem\u00fcsebeet angelegt. Sch\u00fclerinnen und Sch\u00fcler mehrerer Klassen und der Nachmittagsbetreuung gruben das Beet mit viel M\u00fche um und bereiteten es f\u00fcr die Bepflanzung vor.\u00a0\u00a0<\/span><\/span><\/p><p><span style=\"font-weight: 400; color: #000000;\">Bei diesem Pilotprojekt f\u00fcr Schulklassen steht das Kennenlernen von Obst-, Gem\u00fcse- und Kr\u00e4uteranbau im Mittelpunkt. Themen wie Ern\u00e4hrungsgewohnheiten, Boden und Klimawandelanpassung werden praxisorientiert vermittelt.<\/span><\/p><p><span style=\"font-weight: 400; color: #000000;\">Max Reisinger und Julia Schobesberger vom Klimab\u00fcndnis O\u00d6 kamen f\u00fcr einen mehrst\u00fcndigen Kr\u00e4uterworkshop an die Schule. Nach dem Kennenlernen von \u00fcber 30\u00a0 Kr\u00e4utern und ihrer Verwendung besch\u00e4ftigten sich die Sch\u00fclerinnen und Sch\u00fcler der 1a Klasse mit dem Boden, seinem Aufbau und seiner Bedeutung als Basis unserer Ern\u00e4hrung. Den H\u00f6hepunkt bildete die Bepflanzung des schuleigenen \u201cKlimaackers\u201d.<\/span><\/p><p><span style=\"font-weight: 400; color: #000000;\">Die von der Nachmittagsbetreuung selbst angefertigten Namensschilder erm\u00f6glichen es allen, sich \u00fcber die einzelnen Kr\u00e4uter zu informieren. Im Herbst werden im Rahmen eines weiteren Workshops eine Naschhecke und ein mehrfach veredelter Apfelbaum gepflanzt.<\/span><\/p>\t\t\t\t\t\t<\/div>\n\t\t\t\t<\/div>\n\t\t\t\t\t<\/div>\n\t\t<\/div>\n\t\t\t\t\t<\/div>\n\t\t<\/section>\n\t\t\t\t<section class=\"elementor-section elementor-top-section elementor-element elementor-element-4df34fe elementor-section-boxed elementor-section-height-default elementor-section-height-default\" data-id=\"4df34fe\" data-element_type=\"section\">\n\t\t\t\t\t\t<div class=\"elementor-container elementor-column-gap-default\">\n\t\t\t\t\t<div class=\"elementor-column elementor-col-100 elementor-top-column elementor-element elementor-element-9d1628f\" data-id=\"9d1628f\" data-element_type=\"column\">\n\t\t\t<div class=\"elementor-widget-wrap elementor-element-populated\">\n\t\t\t\t\t\t<div class=\"elementor-element elementor-element-48404f3 elementor-widget elementor-widget-image\" data-id=\"48404f3\" data-element_type=\"widget\" data-widget_type=\"image.default\">\n\t\t\t\t<div class=\"elementor-widget-container\">\n\t\t\t\t\t\t\t\t\t\t\t\t\t<img decoding=\"async\" src=\"https:\/\/digimittelschule2badgoisern.at\/wp-content\/uploads\/2021\/06\/20210528_084620-scaled.jpg\" title=\"\" alt=\"\" loading=\"lazy\" \/>\t\t\t\t\t\t\t\t\t\t\t\t\t<\/div>\n\t\t\t\t<\/div>\n\t\t\t\t\t<\/div>\n\t\t<\/div>\n\t\t\t\t\t<\/div>\n\t\t<\/section>\n\t\t\t\t<section class=\"elementor-section elementor-top-section elementor-element elementor-element-64d2c15 elementor-section-boxed elementor-section-height-default elementor-section-height-default\" data-id=\"64d2c15\" data-element_type=\"section\">\n\t\t\t\t\t\t<div class=\"elementor-container elementor-column-gap-default\">\n\t\t\t\t\t<div class=\"elementor-column elementor-col-100 elementor-top-column elementor-element elementor-element-f97d9f9\" data-id=\"f97d9f9\" data-element_type=\"column\">\n\t\t\t<div class=\"elementor-widget-wrap elementor-element-populated\">\n\t\t\t\t\t\t<div class=\"elementor-element elementor-element-21d5bb7 elementor-widget elementor-widget-image\" data-id=\"21d5bb7\" data-element_type=\"widget\" data-widget_type=\"image.default\">\n\t\t\t\t<div class=\"elementor-widget-container\">\n\t\t\t\t\t\t\t\t\t\t\t\t\t<img decoding=\"async\" src=\"https:\/\/digimittelschule2badgoisern.at\/wp-content\/uploads\/2021\/06\/20210601_104937-scaled.jpg\" title=\"\" alt=\"\" loading=\"lazy\" \/>\t\t\t\t\t\t\t\t\t\t\t\t\t<\/div>\n\t\t\t\t<\/div>\n\t\t\t\t\t<\/div>\n\t\t<\/div>\n\t\t\t\t\t<\/div>\n\t\t<\/section>\n\t\t\t\t<section class=\"elementor-section elementor-top-section elementor-element elementor-element-d9ba9ce elementor-section-boxed elementor-section-height-default elementor-section-height-default\" data-id=\"d9ba9ce\" data-element_type=\"section\">\n\t\t\t\t\t\t<div class=\"elementor-container elementor-column-gap-default\">\n\t\t\t\t\t<div class=\"elementor-column elementor-col-100 elementor-top-column elementor-element elementor-element-eb417d2\" data-id=\"eb417d2\" data-element_type=\"column\">\n\t\t\t<div class=\"elementor-widget-wrap elementor-element-populated\">\n\t\t\t\t\t\t<div class=\"elementor-element elementor-element-785d0a9 elementor-widget elementor-widget-image\" data-id=\"785d0a9\" data-element_type=\"widget\" data-widget_type=\"image.default\">\n\t\t\t\t<div class=\"elementor-widget-container\">\n\t\t\t\t\t\t\t\t\t\t\t\t\t<img decoding=\"async\" src=\"https:\/\/digimittelschule2badgoisern.at\/wp-content\/uploads\/2021\/06\/IMG-20210526-WA0015.jpg\" title=\"\" alt=\"\" loading=\"lazy\" \/>\t\t\t\t\t\t\t\t\t\t\t\t\t<\/div>\n\t\t\t\t<\/div>\n\t\t\t\t\t<\/div>\n\t\t<\/div>\n\t\t\t\t\t<\/div>\n\t\t<\/section>\n\t\t\t\t<\/div>\n\t\t","protected":false},"excerpt":{"rendered":"<p>Gelebte Nachhaltigkeit Im Rahmen des Schulgartenprojektes \u201cKlimaacker\u201d wurde ein Kr\u00e4uter- und Gem\u00fcsebeet angelegt. Sch\u00fclerinnen und Sch\u00fcler mehrerer Klassen und der Nachmittagsbetreuung gruben das Beet mit viel M\u00fche um und bereiteten es f\u00fcr die Bepflanzung vor.\u00a0\u00a0 Bei diesem Pilotprojekt f\u00fcr Schulklassen steht das Kennenlernen von Obst-, Gem\u00fcse- und Kr\u00e4uteranbau im Mittelpunkt. Themen wie Ern\u00e4hrungsgewohnheiten, Boden und [&hellip;]<\/p>\n","protected":false},"author":1,"featured_media":0,"comment_status":"closed","ping_status":"closed","sticky":false,"template":"","format":"standard","meta":{"ocean_post_layout":"","ocean_both_sidebars_style":"","ocean_both_sidebars_content_width":0,"ocean_both_sidebars_sidebars_width":0,"ocean_sidebar":"0","ocean_second_sidebar":"0","ocean_disable_margins":"enable","ocean_add_body_class":"","ocean_shortcode_before_top_bar":"","ocean_shortcode_after_top_bar":"","ocean_shortcode_before_header":"","ocean_shortcode_after_header":"","ocean_has_shortcode":"","ocean_shortcode_after_title":"","ocean_shortcode_before_footer_widgets":"","ocean_shortcode_after_footer_widgets":"","ocean_shortcode_before_footer_bottom":"","ocean_shortcode_after_footer_bottom":"","ocean_display_top_bar":"default","ocean_display_header":"default","ocean_header_style":"","ocean_center_header_left_menu":"0","ocean_custom_header_template":"0","ocean_custom_logo":0,"ocean_custom_retina_logo":0,"ocean_custom_logo_max_width":0,"ocean_custom_logo_tablet_max_width":0,"ocean_custom_logo_mobile_max_width":0,"ocean_custom_logo_max_height":0,"ocean_custom_logo_tablet_max_height":0,"ocean_custom_logo_mobile_max_height":0,"ocean_header_custom_menu":"0","ocean_menu_typo_font_family":"0","ocean_menu_typo_font_subset":"","ocean_menu_typo_font_size":0,"ocean_menu_typo_font_size_tablet":0,"ocean_menu_typo_font_size_mobile":0,"ocean_menu_typo_font_size_unit":"px","ocean_menu_typo_font_weight":"","ocean_menu_typo_font_weight_tablet":"","ocean_menu_typo_font_weight_mobile":"","ocean_menu_typo_transform":"","ocean_menu_typo_transform_tablet":"","ocean_menu_typo_transform_mobile":"","ocean_menu_typo_line_height":0,"ocean_menu_typo_line_height_tablet":0,"ocean_menu_typo_line_height_mobile":0,"ocean_menu_typo_line_height_unit":"","ocean_menu_typo_spacing":0,"ocean_menu_typo_spacing_tablet":0,"ocean_menu_typo_spacing_mobile":0,"ocean_menu_typo_spacing_unit":"","ocean_menu_link_color":"","ocean_menu_link_color_hover":"","ocean_menu_link_color_active":"","ocean_menu_link_background":"","ocean_menu_link_hover_background":"","ocean_menu_link_active_background":"","ocean_menu_social_links_bg":"","ocean_menu_social_hover_links_bg":"","ocean_menu_social_links_color":"","ocean_menu_social_hover_links_color":"","ocean_disable_title":"default","ocean_disable_heading":"default","ocean_post_title":"","ocean_post_subheading":"","ocean_post_title_style":"","ocean_post_title_background_color":"","ocean_post_title_background":0,"ocean_post_title_bg_image_position":"","ocean_post_title_bg_image_attachment":"","ocean_post_title_bg_image_repeat":"","ocean_post_title_bg_image_size":"","ocean_post_title_height":0,"ocean_post_title_bg_overlay":0.5,"ocean_post_title_bg_overlay_color":"","ocean_disable_breadcrumbs":"default","ocean_breadcrumbs_color":"","ocean_breadcrumbs_separator_color":"","ocean_breadcrumbs_links_color":"","ocean_breadcrumbs_links_hover_color":"","ocean_display_footer_widgets":"default","ocean_display_footer_bottom":"default","ocean_custom_footer_template":"0","ocean_post_oembed":"","ocean_post_self_hosted_media":"","ocean_post_video_embed":"","ocean_link_format":"","ocean_link_format_target":"self","ocean_quote_format":"","ocean_quote_format_link":"post","ocean_gallery_link_images":"off","ocean_gallery_id":[],"footnotes":""},"categories":[1],"tags":[],"class_list":["post-3330","post","type-post","status-publish","format-standard","hentry","category-uncategorized","entry"],"_links":{"self":[{"href":"https:\/\/digimittelschule2badgoisern.at\/index.php?rest_route=\/wp\/v2\/posts\/3330","targetHints":{"allow":["GET"]}}],"collection":[{"href":"https:\/\/digimittelschule2badgoisern.at\/index.php?rest_route=\/wp\/v2\/posts"}],"about":[{"href":"https:\/\/digimittelschule2badgoisern.at\/index.php?rest_route=\/wp\/v2\/types\/post"}],"author":[{"embeddable":true,"href":"https:\/\/digimittelschule2badgoisern.at\/index.php?rest_route=\/wp\/v2\/users\/1"}],"replies":[{"embeddable":true,"href":"https:\/\/digimittelschule2badgoisern.at\/index.php?rest_route=%2Fwp%2Fv2%2Fcomments&post=3330"}],"version-history":[{"count":17,"href":"https:\/\/digimittelschule2badgoisern.at\/index.php?rest_route=\/wp\/v2\/posts\/3330\/revisions"}],"predecessor-version":[{"id":3429,"href":"https:\/\/digimittelschule2badgoisern.at\/index.php?rest_route=\/wp\/v2\/posts\/3330\/revisions\/3429"}],"wp:attachment":[{"href":"https:\/\/digimittelschule2badgoisern.at\/index.php?rest_route=%2Fwp%2Fv2%2Fmedia&parent=3330"}],"wp:term":[{"taxonomy":"category","embeddable":true,"href":"https:\/\/digimittelschule2badgoisern.at\/index.php?rest_route=%2Fwp%2Fv2%2Fcategories&post=3330"},{"taxonomy":"post_tag","embeddable":true,"href":"https:\/\/digimittelschule2badgoisern.at\/index.php?rest_route=%2Fwp%2Fv2%2Ftags&post=3330"}],"curies":[{"name":"wp","href":"https:\/\/api.w.org\/{rel}","templated":true}]}}