{"id":6493,"date":"2025-04-06T17:07:47","date_gmt":"2025-04-06T17:07:47","guid":{"rendered":"https:\/\/digimittelschule2badgoisern.at\/?p=6493"},"modified":"2025-04-06T17:10:55","modified_gmt":"2025-04-06T17:10:55","slug":"grossartige-tanzauffuehrung-der-ms-2-bad-goisern","status":"publish","type":"post","link":"https:\/\/digimittelschule2badgoisern.at\/?p=6493","title":{"rendered":"Gro\u00dfartige Tanzauff\u00fchrung der MS 2 Bad Goisern"},"content":{"rendered":"\t\t<div data-elementor-type=\"wp-post\" data-elementor-id=\"6493\" class=\"elementor elementor-6493\" data-elementor-post-type=\"post\">\n\t\t\t\t\t\t<section class=\"elementor-section elementor-top-section elementor-element elementor-element-f1f4787 elementor-section-boxed elementor-section-height-default elementor-section-height-default\" data-id=\"f1f4787\" data-element_type=\"section\">\n\t\t\t\t\t\t<div class=\"elementor-container elementor-column-gap-default\">\n\t\t\t\t\t<div class=\"elementor-column elementor-col-100 elementor-top-column elementor-element elementor-element-fc823a4\" data-id=\"fc823a4\" data-element_type=\"column\">\n\t\t\t<div class=\"elementor-widget-wrap elementor-element-populated\">\n\t\t\t\t\t\t<div class=\"elementor-element elementor-element-2be047f elementor-widget elementor-widget-text-editor\" data-id=\"2be047f\" data-element_type=\"widget\" data-widget_type=\"text-editor.default\">\n\t\t\t\t<div class=\"elementor-widget-container\">\n\t\t\t\t\t\t\t<p><span style=\"font-weight: 400;\">Auch heuer durften die 3. Klassen der MS 2 Bad Goisern wieder Teil der traditionsreichen Veranstaltung zum Liebstattsonntag der Goldhauben- und Kopftuchfrauen in Bad Goisern sein.<\/span><\/p><p><span style=\"font-weight: 400;\">Die Jugendlichen studierten hierf\u00fcr unter Anleitung von Barbara W\u00f6gerbauer-Windhager und Gerald Kienast zwei Volkst\u00e4nze ein, die die Sch\u00fclerinnen und Sch\u00fcler mit Begeisterung zum Besten gaben. Besonders stolz waren die M\u00e4dchen auch dieses Jahr wieder auf ihre eigens gen\u00e4hten Trachtenr\u00f6cke, die sie mit viel Liebe und Ausdauer im Unterricht angefertigt hatten.<\/span><\/p>\t\t\t\t\t\t<\/div>\n\t\t\t\t<\/div>\n\t\t\t\t\t<\/div>\n\t\t<\/div>\n\t\t\t\t\t<\/div>\n\t\t<\/section>\n\t\t\t\t<section class=\"elementor-section elementor-top-section elementor-element elementor-element-977ac9c elementor-section-boxed elementor-section-height-default elementor-section-height-default\" data-id=\"977ac9c\" data-element_type=\"section\">\n\t\t\t\t\t\t<div class=\"elementor-container elementor-column-gap-default\">\n\t\t\t\t\t<div class=\"elementor-column elementor-col-100 elementor-top-column elementor-element elementor-element-c3e9fc6\" data-id=\"c3e9fc6\" data-element_type=\"column\">\n\t\t\t<div class=\"elementor-widget-wrap elementor-element-populated\">\n\t\t\t\t\t\t<div class=\"elementor-element elementor-element-1530456 elementor-widget elementor-widget-image-gallery\" data-id=\"1530456\" data-element_type=\"widget\" data-widget_type=\"image-gallery.default\">\n\t\t\t\t<div class=\"elementor-widget-container\">\n\t\t\t\t\t<div class=\"elementor-image-gallery\">\n\t\t\t\t\t<\/div>\n\t\t\t\t<\/div>\n\t\t\t\t<\/div>\n\t\t\t\t\t<\/div>\n\t\t<\/div>\n\t\t\t\t\t<\/div>\n\t\t<\/section>\n\t\t\t\t<section class=\"elementor-section elementor-top-section elementor-element elementor-element-2618e53 elementor-section-boxed elementor-section-height-default elementor-section-height-default\" data-id=\"2618e53\" data-element_type=\"section\">\n\t\t\t\t\t\t<div class=\"elementor-container elementor-column-gap-default\">\n\t\t\t\t\t<div class=\"elementor-column elementor-col-100 elementor-top-column elementor-element elementor-element-0490f5f\" data-id=\"0490f5f\" data-element_type=\"column\">\n\t\t\t<div class=\"elementor-widget-wrap elementor-element-populated\">\n\t\t\t\t\t\t\t<\/div>\n\t\t<\/div>\n\t\t\t\t\t<\/div>\n\t\t<\/section>\n\t\t\t\t<\/div>\n\t\t","protected":false},"excerpt":{"rendered":"<p>Auch heuer durften die 3. Klassen der MS 2 Bad Goisern wieder Teil der traditionsreichen Veranstaltung zum Liebstattsonntag der Goldhauben- und Kopftuchfrauen in Bad Goisern sein. Die Jugendlichen studierten hierf\u00fcr unter Anleitung von Barbara W\u00f6gerbauer-Windhager und Gerald Kienast zwei Volkst\u00e4nze ein, die die Sch\u00fclerinnen und Sch\u00fcler mit Begeisterung zum Besten gaben. Besonders stolz waren die [&hellip;]<\/p>\n","protected":false},"author":1,"featured_media":0,"comment_status":"closed","ping_status":"closed","sticky":false,"template":"","format":"standard","meta":{"ocean_post_layout":"","ocean_both_sidebars_style":"","ocean_both_sidebars_content_width":0,"ocean_both_sidebars_sidebars_width":0,"ocean_sidebar":"","ocean_second_sidebar":"","ocean_disable_margins":"enable","ocean_add_body_class":"","ocean_shortcode_before_top_bar":"","ocean_shortcode_after_top_bar":"","ocean_shortcode_before_header":"","ocean_shortcode_after_header":"","ocean_has_shortcode":"","ocean_shortcode_after_title":"","ocean_shortcode_before_footer_widgets":"","ocean_shortcode_after_footer_widgets":"","ocean_shortcode_before_footer_bottom":"","ocean_shortcode_after_footer_bottom":"","ocean_display_top_bar":"default","ocean_display_header":"default","ocean_header_style":"","ocean_center_header_left_menu":"","ocean_custom_header_template":"","ocean_custom_logo":0,"ocean_custom_retina_logo":0,"ocean_custom_logo_max_width":0,"ocean_custom_logo_tablet_max_width":0,"ocean_custom_logo_mobile_max_width":0,"ocean_custom_logo_max_height":0,"ocean_custom_logo_tablet_max_height":0,"ocean_custom_logo_mobile_max_height":0,"ocean_header_custom_menu":"","ocean_menu_typo_font_family":"","ocean_menu_typo_font_subset":"","ocean_menu_typo_font_size":0,"ocean_menu_typo_font_size_tablet":0,"ocean_menu_typo_font_size_mobile":0,"ocean_menu_typo_font_size_unit":"px","ocean_menu_typo_font_weight":"","ocean_menu_typo_font_weight_tablet":"","ocean_menu_typo_font_weight_mobile":"","ocean_menu_typo_transform":"","ocean_menu_typo_transform_tablet":"","ocean_menu_typo_transform_mobile":"","ocean_menu_typo_line_height":0,"ocean_menu_typo_line_height_tablet":0,"ocean_menu_typo_line_height_mobile":0,"ocean_menu_typo_line_height_unit":"","ocean_menu_typo_spacing":0,"ocean_menu_typo_spacing_tablet":0,"ocean_menu_typo_spacing_mobile":0,"ocean_menu_typo_spacing_unit":"","ocean_menu_link_color":"","ocean_menu_link_color_hover":"","ocean_menu_link_color_active":"","ocean_menu_link_background":"","ocean_menu_link_hover_background":"","ocean_menu_link_active_background":"","ocean_menu_social_links_bg":"","ocean_menu_social_hover_links_bg":"","ocean_menu_social_links_color":"","ocean_menu_social_hover_links_color":"","ocean_disable_title":"default","ocean_disable_heading":"default","ocean_post_title":"","ocean_post_subheading":"","ocean_post_title_style":"","ocean_post_title_background_color":"","ocean_post_title_background":0,"ocean_post_title_bg_image_position":"","ocean_post_title_bg_image_attachment":"","ocean_post_title_bg_image_repeat":"","ocean_post_title_bg_image_size":"","ocean_post_title_height":0,"ocean_post_title_bg_overlay":0.5,"ocean_post_title_bg_overlay_color":"","ocean_disable_breadcrumbs":"default","ocean_breadcrumbs_color":"","ocean_breadcrumbs_separator_color":"","ocean_breadcrumbs_links_color":"","ocean_breadcrumbs_links_hover_color":"","ocean_display_footer_widgets":"default","ocean_display_footer_bottom":"default","ocean_custom_footer_template":"","ocean_post_oembed":"","ocean_post_self_hosted_media":"","ocean_post_video_embed":"","ocean_link_format":"","ocean_link_format_target":"self","ocean_quote_format":"","ocean_quote_format_link":"post","ocean_gallery_link_images":"on","ocean_gallery_id":[],"footnotes":""},"categories":[1],"tags":[],"class_list":["post-6493","post","type-post","status-publish","format-standard","hentry","category-uncategorized","entry"],"_links":{"self":[{"href":"https:\/\/digimittelschule2badgoisern.at\/index.php?rest_route=\/wp\/v2\/posts\/6493","targetHints":{"allow":["GET"]}}],"collection":[{"href":"https:\/\/digimittelschule2badgoisern.at\/index.php?rest_route=\/wp\/v2\/posts"}],"about":[{"href":"https:\/\/digimittelschule2badgoisern.at\/index.php?rest_route=\/wp\/v2\/types\/post"}],"author":[{"embeddable":true,"href":"https:\/\/digimittelschule2badgoisern.at\/index.php?rest_route=\/wp\/v2\/users\/1"}],"replies":[{"embeddable":true,"href":"https:\/\/digimittelschule2badgoisern.at\/index.php?rest_route=%2Fwp%2Fv2%2Fcomments&post=6493"}],"version-history":[{"count":5,"href":"https:\/\/digimittelschule2badgoisern.at\/index.php?rest_route=\/wp\/v2\/posts\/6493\/revisions"}],"predecessor-version":[{"id":6498,"href":"https:\/\/digimittelschule2badgoisern.at\/index.php?rest_route=\/wp\/v2\/posts\/6493\/revisions\/6498"}],"wp:attachment":[{"href":"https:\/\/digimittelschule2badgoisern.at\/index.php?rest_route=%2Fwp%2Fv2%2Fmedia&parent=6493"}],"wp:term":[{"taxonomy":"category","embeddable":true,"href":"https:\/\/digimittelschule2badgoisern.at\/index.php?rest_route=%2Fwp%2Fv2%2Fcategories&post=6493"},{"taxonomy":"post_tag","embeddable":true,"href":"https:\/\/digimittelschule2badgoisern.at\/index.php?rest_route=%2Fwp%2Fv2%2Ftags&post=6493"}],"curies":[{"name":"wp","href":"https:\/\/api.w.org\/{rel}","templated":true}]}}