{"id":6758,"date":"2025-07-03T12:01:54","date_gmt":"2025-07-03T12:01:54","guid":{"rendered":"https:\/\/digimittelschule2badgoisern.at\/?p=6758"},"modified":"2025-07-03T12:05:17","modified_gmt":"2025-07-03T12:05:17","slug":"bezirksmeisterschaften-schwimmen-2025-tolle-erfolge-fuer-unsere-schuelerinnen-und-schueler","status":"publish","type":"post","link":"https:\/\/digimittelschule2badgoisern.at\/?p=6758","title":{"rendered":"Bezirksmeisterschaften Schwimmen 2025 \u2013 Tolle Erfolge f\u00fcr unsere Sch\u00fclerinnen und Sch\u00fcler"},"content":{"rendered":"\t\t<div data-elementor-type=\"wp-post\" data-elementor-id=\"6758\" class=\"elementor elementor-6758\" data-elementor-post-type=\"post\">\n\t\t\t\t\t\t<section class=\"elementor-section elementor-top-section elementor-element elementor-element-01245a0 elementor-section-boxed elementor-section-height-default elementor-section-height-default\" data-id=\"01245a0\" data-element_type=\"section\">\n\t\t\t\t\t\t<div class=\"elementor-container elementor-column-gap-default\">\n\t\t\t\t\t<div class=\"elementor-column elementor-col-100 elementor-top-column elementor-element elementor-element-176a073\" data-id=\"176a073\" data-element_type=\"column\">\n\t\t\t<div class=\"elementor-widget-wrap elementor-element-populated\">\n\t\t\t\t\t\t<div class=\"elementor-element elementor-element-21101f4 elementor-widget elementor-widget-text-editor\" data-id=\"21101f4\" data-element_type=\"widget\" data-widget_type=\"text-editor.default\">\n\t\t\t\t<div class=\"elementor-widget-container\">\n\t\t\t\t\t\t\t<p><span style=\"font-weight: 400;\">Am 18. Juni 2025 fanden die Bezirksmeisterschaften im Schwimmen im Parkbad Bad Goisern statt. Bei traumhaftem Wetter traten zahlreiche motivierte Schwimmerinnen und Schwimmer aus der Region an \u2013 mit dabei waren auch unsere Sch\u00fclerinnen und Sch\u00fcler, die durch beeindruckende Leistungen auf sich aufmerksam machten.<\/span><\/p><p><span style=\"font-weight: 400;\">In den Wettkampfdisziplinen 50\u202fm Brust (weiblich und m\u00e4nnlich), 50\u202fm Freistil (weiblich und m\u00e4nnlich) sowie der Mixed-Staffel zeigten unsere Teilnehmerinnen und Teilnehmer gro\u00dfartigen Einsatz und erzielten hervorragende Platzierungen:<\/span><\/p><ul><li style=\"font-weight: 400;\" aria-level=\"1\"><span style=\"font-weight: 400;\">Emma Aigner (Jahrgang 2014) sicherte sich in der Disziplin 50\u202fm Brust weiblich den hervorragenden 2. Platz.<\/span><\/li><li style=\"font-weight: 400;\" aria-level=\"1\"><span style=\"font-weight: 400;\">Teresa P\u00f6lzleitner (Jahrgang 2013) erreichte in beiden Disziplinen, 50\u202fm Brust und 50\u202fm Freistil weiblich, jeweils den 2. Platz \u2013 eine starke Leistung!<\/span><\/li><li style=\"font-weight: 400;\" aria-level=\"1\"><span style=\"font-weight: 400;\">Luisa Sunkler (Jahrgang 2012), die f\u00fcr den USC Bad Goisern antrat, holte sich im 50\u202fm Brust weiblich den 2. Rang und kr\u00f6nte ihren Auftritt mit dem 1. Platz im 50\u202fm Freistil weiblich.<\/span><\/li><li style=\"font-weight: 400;\" aria-level=\"1\"><span style=\"font-weight: 400;\">Laura Lichtenegger (Jahrgang 2012) schwamm sich in beiden Disziplinen jeweils auf den 3. Platz.<\/span><\/li><li style=\"font-weight: 400;\" aria-level=\"1\"><span style=\"font-weight: 400;\">Michael Beckmann (Jahrgang 2012) \u00fcberzeugte ebenfalls auf ganzer Linie und gewann in beiden Disziplinen die Silbermedaille.<\/span><\/li><li style=\"font-weight: 400;\" aria-level=\"1\"><span style=\"font-weight: 400;\">Simon Steiner (Jahrgang 2011) holte in der Disziplin 50\u202fm Freistil m\u00e4nnlich die Goldmedaille und bewies damit seine Ausnahmestellung im Bewerb.<\/span><\/li><li style=\"font-weight: 400;\" aria-level=\"1\"><span style=\"font-weight: 400;\">Iris Kerschbaumer (Jahrgang 2011) sicherte sich in der Disziplin 50 m Freistil weiblich den tollen 2. Platz.<\/span><\/li><\/ul><p><span style=\"font-weight: 400;\">Auch unsere Mixed-Staffel \u00fcber 4\u202fx\u202f50\u202fm Freistil mit den Teilnehmerinnen und Teilnehmern Michael Beckmann, Iris Kerschbaumer, Teresa P\u00f6lzleitner und Simon Steiner zeigte gro\u00dfen Teamgeist und sicherte sich den soliden 5. Platz, was ein gutes Ergebnis im Mittelfeld darstellt.<\/span><\/p><p><span style=\"font-weight: 400;\">Die gesamte Veranstaltung war bestens organisiert, wof\u00fcr wir uns herzlich bei den Veranstaltern \u2013 der Welterbe Mittelschule Bad Goisern und dem Union Schwimmclub Bad Goisern \u2013 bedanken m\u00f6chten. Bei strahlendem Sonnenschein zeigten unsere Sch\u00fclerinnen und Sch\u00fcler nicht nur sportliches K\u00f6nnen, sondern auch gro\u00dfen Einsatz und Teamzusammenhalt.<\/span><\/p><p><span style=\"font-weight: 400;\">Wir gratulieren allen Teilnehmerinnen und Teilnehmern herzlich zu ihren tollen Erfolgen und freuen uns schon auf die n\u00e4chsten sportlichen Herausforderungen!<\/span><\/p>\t\t\t\t\t\t<\/div>\n\t\t\t\t<\/div>\n\t\t\t\t\t<\/div>\n\t\t<\/div>\n\t\t\t\t\t<\/div>\n\t\t<\/section>\n\t\t\t\t<section class=\"elementor-section elementor-top-section elementor-element elementor-element-2cbea96 elementor-section-boxed elementor-section-height-default elementor-section-height-default\" data-id=\"2cbea96\" data-element_type=\"section\">\n\t\t\t\t\t\t<div class=\"elementor-container elementor-column-gap-default\">\n\t\t\t\t\t<div class=\"elementor-column elementor-col-100 elementor-top-column elementor-element elementor-element-a543f83\" data-id=\"a543f83\" data-element_type=\"column\">\n\t\t\t<div class=\"elementor-widget-wrap elementor-element-populated\">\n\t\t\t\t\t\t<div class=\"elementor-element elementor-element-ffb0d20 elementor-widget elementor-widget-image-gallery\" data-id=\"ffb0d20\" data-element_type=\"widget\" data-widget_type=\"image-gallery.default\">\n\t\t\t\t<div class=\"elementor-widget-container\">\n\t\t\t\t\t<div class=\"elementor-image-gallery\">\n\t\t\t\t\t<\/div>\n\t\t\t\t<\/div>\n\t\t\t\t<\/div>\n\t\t\t\t\t<\/div>\n\t\t<\/div>\n\t\t\t\t\t<\/div>\n\t\t<\/section>\n\t\t\t\t<\/div>\n\t\t","protected":false},"excerpt":{"rendered":"<p>Am 18. Juni 2025 fanden die Bezirksmeisterschaften im Schwimmen im Parkbad Bad Goisern statt. Bei traumhaftem Wetter traten zahlreiche motivierte Schwimmerinnen und Schwimmer aus der Region an \u2013 mit dabei waren auch unsere Sch\u00fclerinnen und Sch\u00fcler, die durch beeindruckende Leistungen auf sich aufmerksam machten. In den Wettkampfdisziplinen 50\u202fm Brust (weiblich und m\u00e4nnlich), 50\u202fm Freistil (weiblich [&hellip;]<\/p>\n","protected":false},"author":1,"featured_media":0,"comment_status":"closed","ping_status":"closed","sticky":false,"template":"","format":"standard","meta":{"ocean_post_layout":"","ocean_both_sidebars_style":"","ocean_both_sidebars_content_width":0,"ocean_both_sidebars_sidebars_width":0,"ocean_sidebar":"","ocean_second_sidebar":"","ocean_disable_margins":"enable","ocean_add_body_class":"","ocean_shortcode_before_top_bar":"","ocean_shortcode_after_top_bar":"","ocean_shortcode_before_header":"","ocean_shortcode_after_header":"","ocean_has_shortcode":"","ocean_shortcode_after_title":"","ocean_shortcode_before_footer_widgets":"","ocean_shortcode_after_footer_widgets":"","ocean_shortcode_before_footer_bottom":"","ocean_shortcode_after_footer_bottom":"","ocean_display_top_bar":"default","ocean_display_header":"default","ocean_header_style":"","ocean_center_header_left_menu":"","ocean_custom_header_template":"","ocean_custom_logo":0,"ocean_custom_retina_logo":0,"ocean_custom_logo_max_width":0,"ocean_custom_logo_tablet_max_width":0,"ocean_custom_logo_mobile_max_width":0,"ocean_custom_logo_max_height":0,"ocean_custom_logo_tablet_max_height":0,"ocean_custom_logo_mobile_max_height":0,"ocean_header_custom_menu":"","ocean_menu_typo_font_family":"","ocean_menu_typo_font_subset":"","ocean_menu_typo_font_size":0,"ocean_menu_typo_font_size_tablet":0,"ocean_menu_typo_font_size_mobile":0,"ocean_menu_typo_font_size_unit":"px","ocean_menu_typo_font_weight":"","ocean_menu_typo_font_weight_tablet":"","ocean_menu_typo_font_weight_mobile":"","ocean_menu_typo_transform":"","ocean_menu_typo_transform_tablet":"","ocean_menu_typo_transform_mobile":"","ocean_menu_typo_line_height":0,"ocean_menu_typo_line_height_tablet":0,"ocean_menu_typo_line_height_mobile":0,"ocean_menu_typo_line_height_unit":"","ocean_menu_typo_spacing":0,"ocean_menu_typo_spacing_tablet":0,"ocean_menu_typo_spacing_mobile":0,"ocean_menu_typo_spacing_unit":"","ocean_menu_link_color":"","ocean_menu_link_color_hover":"","ocean_menu_link_color_active":"","ocean_menu_link_background":"","ocean_menu_link_hover_background":"","ocean_menu_link_active_background":"","ocean_menu_social_links_bg":"","ocean_menu_social_hover_links_bg":"","ocean_menu_social_links_color":"","ocean_menu_social_hover_links_color":"","ocean_disable_title":"default","ocean_disable_heading":"default","ocean_post_title":"","ocean_post_subheading":"","ocean_post_title_style":"","ocean_post_title_background_color":"","ocean_post_title_background":0,"ocean_post_title_bg_image_position":"","ocean_post_title_bg_image_attachment":"","ocean_post_title_bg_image_repeat":"","ocean_post_title_bg_image_size":"","ocean_post_title_height":0,"ocean_post_title_bg_overlay":0.5,"ocean_post_title_bg_overlay_color":"","ocean_disable_breadcrumbs":"default","ocean_breadcrumbs_color":"","ocean_breadcrumbs_separator_color":"","ocean_breadcrumbs_links_color":"","ocean_breadcrumbs_links_hover_color":"","ocean_display_footer_widgets":"default","ocean_display_footer_bottom":"default","ocean_custom_footer_template":"","ocean_post_oembed":"","ocean_post_self_hosted_media":"","ocean_post_video_embed":"","ocean_link_format":"","ocean_link_format_target":"self","ocean_quote_format":"","ocean_quote_format_link":"post","ocean_gallery_link_images":"on","ocean_gallery_id":[],"footnotes":""},"categories":[1],"tags":[],"class_list":["post-6758","post","type-post","status-publish","format-standard","hentry","category-uncategorized","entry"],"_links":{"self":[{"href":"https:\/\/digimittelschule2badgoisern.at\/index.php?rest_route=\/wp\/v2\/posts\/6758","targetHints":{"allow":["GET"]}}],"collection":[{"href":"https:\/\/digimittelschule2badgoisern.at\/index.php?rest_route=\/wp\/v2\/posts"}],"about":[{"href":"https:\/\/digimittelschule2badgoisern.at\/index.php?rest_route=\/wp\/v2\/types\/post"}],"author":[{"embeddable":true,"href":"https:\/\/digimittelschule2badgoisern.at\/index.php?rest_route=\/wp\/v2\/users\/1"}],"replies":[{"embeddable":true,"href":"https:\/\/digimittelschule2badgoisern.at\/index.php?rest_route=%2Fwp%2Fv2%2Fcomments&post=6758"}],"version-history":[{"count":3,"href":"https:\/\/digimittelschule2badgoisern.at\/index.php?rest_route=\/wp\/v2\/posts\/6758\/revisions"}],"predecessor-version":[{"id":6765,"href":"https:\/\/digimittelschule2badgoisern.at\/index.php?rest_route=\/wp\/v2\/posts\/6758\/revisions\/6765"}],"wp:attachment":[{"href":"https:\/\/digimittelschule2badgoisern.at\/index.php?rest_route=%2Fwp%2Fv2%2Fmedia&parent=6758"}],"wp:term":[{"taxonomy":"category","embeddable":true,"href":"https:\/\/digimittelschule2badgoisern.at\/index.php?rest_route=%2Fwp%2Fv2%2Fcategories&post=6758"},{"taxonomy":"post_tag","embeddable":true,"href":"https:\/\/digimittelschule2badgoisern.at\/index.php?rest_route=%2Fwp%2Fv2%2Ftags&post=6758"}],"curies":[{"name":"wp","href":"https:\/\/api.w.org\/{rel}","templated":true}]}}