{"id":7021,"date":"2025-11-30T10:15:48","date_gmt":"2025-11-30T10:15:48","guid":{"rendered":"https:\/\/digimittelschule2badgoisern.at\/?p=7021"},"modified":"2025-11-30T10:17:19","modified_gmt":"2025-11-30T10:17:19","slug":"together-as-one-zeichnen-fuer-den-frieden","status":"publish","type":"post","link":"https:\/\/digimittelschule2badgoisern.at\/?p=7021","title":{"rendered":"Together as one \u2013 Zeichnen f\u00fcr den Frieden"},"content":{"rendered":"\t\t<div data-elementor-type=\"wp-post\" data-elementor-id=\"7021\" class=\"elementor elementor-7021\" data-elementor-post-type=\"post\">\n\t\t\t\t\t\t<section class=\"elementor-section elementor-top-section elementor-element elementor-element-59ec5f9 elementor-section-boxed elementor-section-height-default elementor-section-height-default\" data-id=\"59ec5f9\" data-element_type=\"section\">\n\t\t\t\t\t\t<div class=\"elementor-container elementor-column-gap-default\">\n\t\t\t\t\t<div class=\"elementor-column elementor-col-100 elementor-top-column elementor-element elementor-element-cb277c6\" data-id=\"cb277c6\" data-element_type=\"column\">\n\t\t\t<div class=\"elementor-widget-wrap elementor-element-populated\">\n\t\t\t\t\t\t<div class=\"elementor-element elementor-element-5811bb4 elementor-widget elementor-widget-text-editor\" data-id=\"5811bb4\" data-element_type=\"widget\" data-widget_type=\"text-editor.default\">\n\t\t\t\t<div class=\"elementor-widget-container\">\n\t\t\t\t\t\t\t<p><span id=\"E254\">Die Sch\u00fclerinnen und Sch\u00fcler der 2. Klassen nahmen auch dieses Jahr am Lions Friedensplakatwettbewerb teil. Unter dem Motto \u201e<\/span><span id=\"E256\">Together<\/span><span id=\"E258\"> <\/span><span id=\"E260\">as<\/span><span id=\"E262\"> <\/span><span id=\"E264\">one<\/span><span id=\"E266\"> \u2013 Gemeinsam sind wir<\/span><span id=\"E267\"> <\/span><span id=\"E268\">Eins\u201c zeichneten die Kinder <\/span><span id=\"E269\">im Rahmen des Unterrichts in \u201eKunst und Gestaltung\u201c <\/span><span id=\"E270\">mit viel Eifer und Engagement wahre <\/span><span id=\"E271\">Meister<\/span><span id=\"E272\">werke. Am Donnerstag, den 27.11. wurden schlie\u00dflich die Schulsieger des heurigen Jahres gek\u00fcrt. Theresa <\/span><span id=\"E274\">P\u00f6lzleitner<\/span><span id=\"E276\"> (2b) \u00fcberzeugte die Jury mit ihrem kreativen Puzzleteil-Plakat und belegte den ersten Platz. Auch die k\u00fcnstlerisch anspruchsvollen Werke von Lukas Rehn (2a, 2. Platz) und Bettina Englbrecht (2b, 3. Platz) beeindruckten die Verantwortlichen sehr. Ein gro\u00dfer Dank gilt dem Lions Club Dachstein Welterbe, der alle teilnehmenden Kinder mit einer s\u00fc\u00dfen Belohnung \u00fcberraschte. <\/span><\/p>\t\t\t\t\t\t<\/div>\n\t\t\t\t<\/div>\n\t\t\t\t\t<\/div>\n\t\t<\/div>\n\t\t\t\t\t<\/div>\n\t\t<\/section>\n\t\t\t\t<section class=\"elementor-section elementor-top-section elementor-element elementor-element-41a72cb elementor-section-boxed elementor-section-height-default elementor-section-height-default\" data-id=\"41a72cb\" data-element_type=\"section\">\n\t\t\t\t\t\t<div class=\"elementor-container elementor-column-gap-default\">\n\t\t\t\t\t<div class=\"elementor-column elementor-col-100 elementor-top-column elementor-element elementor-element-a028e79\" data-id=\"a028e79\" data-element_type=\"column\">\n\t\t\t<div class=\"elementor-widget-wrap elementor-element-populated\">\n\t\t\t\t\t\t<div class=\"elementor-element elementor-element-c71efb1 elementor-widget elementor-widget-image-gallery\" data-id=\"c71efb1\" data-element_type=\"widget\" data-widget_type=\"image-gallery.default\">\n\t\t\t\t<div class=\"elementor-widget-container\">\n\t\t\t\t\t<div class=\"elementor-image-gallery\">\n\t\t\t<div id='gallery-1' class='gallery galleryid-7021 gallery-columns-1 gallery-size-medium'><figure class='gallery-item'>\n\t\t\t<div class='gallery-icon landscape'>\n\t\t\t\t<a data-elementor-open-lightbox=\"yes\" data-elementor-lightbox-slideshow=\"c71efb1\" data-elementor-lightbox-title=\"IMG_9953\" data-e-action-hash=\"#elementor-action%3Aaction%3Dlightbox%26settings%3DeyJpZCI6NzAyMywidXJsIjoiaHR0cHM6XC9cL2RpZ2ltaXR0ZWxzY2h1bGUyYmFkZ29pc2Vybi5hdFwvd3AtY29udGVudFwvdXBsb2Fkc1wvMjAyNVwvMTFcL0lNR185OTUzLXNjYWxlZC5qcGciLCJzbGlkZXNob3ciOiJjNzFlZmIxIn0%3D\" href='https:\/\/digimittelschule2badgoisern.at\/wp-content\/uploads\/2025\/11\/IMG_9953-scaled.jpg'><img decoding=\"async\" width=\"300\" height=\"148\" src=\"https:\/\/digimittelschule2badgoisern.at\/wp-content\/uploads\/2025\/11\/IMG_9953-300x148.jpg\" class=\"attachment-medium size-medium\" alt=\"\" srcset=\"https:\/\/digimittelschule2badgoisern.at\/wp-content\/uploads\/2025\/11\/IMG_9953-300x148.jpg 300w, https:\/\/digimittelschule2badgoisern.at\/wp-content\/uploads\/2025\/11\/IMG_9953-1024x504.jpg 1024w, https:\/\/digimittelschule2badgoisern.at\/wp-content\/uploads\/2025\/11\/IMG_9953-768x378.jpg 768w, https:\/\/digimittelschule2badgoisern.at\/wp-content\/uploads\/2025\/11\/IMG_9953-1536x755.jpg 1536w, https:\/\/digimittelschule2badgoisern.at\/wp-content\/uploads\/2025\/11\/IMG_9953-2048x1007.jpg 2048w\" sizes=\"(max-width: 300px) 100vw, 300px\" \/><\/a>\n\t\t\t<\/div><\/figure>\n\t\t<\/div>\n\t\t<\/div>\n\t\t\t\t<\/div>\n\t\t\t\t<\/div>\n\t\t\t\t\t<\/div>\n\t\t<\/div>\n\t\t\t\t\t<\/div>\n\t\t<\/section>\n\t\t\t\t<\/div>\n\t\t","protected":false},"excerpt":{"rendered":"<p>Die Sch\u00fclerinnen und Sch\u00fcler der 2. Klassen nahmen auch dieses Jahr am Lions Friedensplakatwettbewerb teil. Unter dem Motto \u201eTogether as one \u2013 Gemeinsam sind wir Eins\u201c zeichneten die Kinder im Rahmen des Unterrichts in \u201eKunst und Gestaltung\u201c mit viel Eifer und Engagement wahre Meisterwerke. Am Donnerstag, den 27.11. wurden schlie\u00dflich die Schulsieger des heurigen Jahres [&hellip;]<\/p>\n","protected":false},"author":1,"featured_media":7024,"comment_status":"closed","ping_status":"closed","sticky":false,"template":"","format":"standard","meta":{"ocean_post_layout":"","ocean_both_sidebars_style":"","ocean_both_sidebars_content_width":0,"ocean_both_sidebars_sidebars_width":0,"ocean_sidebar":"","ocean_second_sidebar":"","ocean_disable_margins":"enable","ocean_add_body_class":"","ocean_shortcode_before_top_bar":"","ocean_shortcode_after_top_bar":"","ocean_shortcode_before_header":"","ocean_shortcode_after_header":"","ocean_has_shortcode":"","ocean_shortcode_after_title":"","ocean_shortcode_before_footer_widgets":"","ocean_shortcode_after_footer_widgets":"","ocean_shortcode_before_footer_bottom":"","ocean_shortcode_after_footer_bottom":"","ocean_display_top_bar":"default","ocean_display_header":"default","ocean_header_style":"","ocean_center_header_left_menu":"","ocean_custom_header_template":"","ocean_custom_logo":0,"ocean_custom_retina_logo":0,"ocean_custom_logo_max_width":0,"ocean_custom_logo_tablet_max_width":0,"ocean_custom_logo_mobile_max_width":0,"ocean_custom_logo_max_height":0,"ocean_custom_logo_tablet_max_height":0,"ocean_custom_logo_mobile_max_height":0,"ocean_header_custom_menu":"","ocean_menu_typo_font_family":"","ocean_menu_typo_font_subset":"","ocean_menu_typo_font_size":0,"ocean_menu_typo_font_size_tablet":0,"ocean_menu_typo_font_size_mobile":0,"ocean_menu_typo_font_size_unit":"px","ocean_menu_typo_font_weight":"","ocean_menu_typo_font_weight_tablet":"","ocean_menu_typo_font_weight_mobile":"","ocean_menu_typo_transform":"","ocean_menu_typo_transform_tablet":"","ocean_menu_typo_transform_mobile":"","ocean_menu_typo_line_height":0,"ocean_menu_typo_line_height_tablet":0,"ocean_menu_typo_line_height_mobile":0,"ocean_menu_typo_line_height_unit":"","ocean_menu_typo_spacing":0,"ocean_menu_typo_spacing_tablet":0,"ocean_menu_typo_spacing_mobile":0,"ocean_menu_typo_spacing_unit":"","ocean_menu_link_color":"","ocean_menu_link_color_hover":"","ocean_menu_link_color_active":"","ocean_menu_link_background":"","ocean_menu_link_hover_background":"","ocean_menu_link_active_background":"","ocean_menu_social_links_bg":"","ocean_menu_social_hover_links_bg":"","ocean_menu_social_links_color":"","ocean_menu_social_hover_links_color":"","ocean_disable_title":"default","ocean_disable_heading":"default","ocean_post_title":"","ocean_post_subheading":"","ocean_post_title_style":"","ocean_post_title_background_color":"","ocean_post_title_background":0,"ocean_post_title_bg_image_position":"","ocean_post_title_bg_image_attachment":"","ocean_post_title_bg_image_repeat":"","ocean_post_title_bg_image_size":"","ocean_post_title_height":0,"ocean_post_title_bg_overlay":0.5,"ocean_post_title_bg_overlay_color":"","ocean_disable_breadcrumbs":"default","ocean_breadcrumbs_color":"","ocean_breadcrumbs_separator_color":"","ocean_breadcrumbs_links_color":"","ocean_breadcrumbs_links_hover_color":"","ocean_display_footer_widgets":"default","ocean_display_footer_bottom":"default","ocean_custom_footer_template":"","ocean_post_oembed":"","ocean_post_self_hosted_media":"","ocean_post_video_embed":"","ocean_link_format":"","ocean_link_format_target":"self","ocean_quote_format":"","ocean_quote_format_link":"post","ocean_gallery_link_images":"on","ocean_gallery_id":[],"footnotes":""},"categories":[1],"tags":[],"class_list":["post-7021","post","type-post","status-publish","format-standard","has-post-thumbnail","hentry","category-uncategorized","entry","has-media"],"_links":{"self":[{"href":"https:\/\/digimittelschule2badgoisern.at\/index.php?rest_route=\/wp\/v2\/posts\/7021","targetHints":{"allow":["GET"]}}],"collection":[{"href":"https:\/\/digimittelschule2badgoisern.at\/index.php?rest_route=\/wp\/v2\/posts"}],"about":[{"href":"https:\/\/digimittelschule2badgoisern.at\/index.php?rest_route=\/wp\/v2\/types\/post"}],"author":[{"embeddable":true,"href":"https:\/\/digimittelschule2badgoisern.at\/index.php?rest_route=\/wp\/v2\/users\/1"}],"replies":[{"embeddable":true,"href":"https:\/\/digimittelschule2badgoisern.at\/index.php?rest_route=%2Fwp%2Fv2%2Fcomments&post=7021"}],"version-history":[{"count":4,"href":"https:\/\/digimittelschule2badgoisern.at\/index.php?rest_route=\/wp\/v2\/posts\/7021\/revisions"}],"predecessor-version":[{"id":7027,"href":"https:\/\/digimittelschule2badgoisern.at\/index.php?rest_route=\/wp\/v2\/posts\/7021\/revisions\/7027"}],"wp:featuredmedia":[{"embeddable":true,"href":"https:\/\/digimittelschule2badgoisern.at\/index.php?rest_route=\/wp\/v2\/media\/7024"}],"wp:attachment":[{"href":"https:\/\/digimittelschule2badgoisern.at\/index.php?rest_route=%2Fwp%2Fv2%2Fmedia&parent=7021"}],"wp:term":[{"taxonomy":"category","embeddable":true,"href":"https:\/\/digimittelschule2badgoisern.at\/index.php?rest_route=%2Fwp%2Fv2%2Fcategories&post=7021"},{"taxonomy":"post_tag","embeddable":true,"href":"https:\/\/digimittelschule2badgoisern.at\/index.php?rest_route=%2Fwp%2Fv2%2Ftags&post=7021"}],"curies":[{"name":"wp","href":"https:\/\/api.w.org\/{rel}","templated":true}]}}