{"id":7324,"date":"2026-04-26T20:28:21","date_gmt":"2026-04-26T20:28:21","guid":{"rendered":"https:\/\/digimittelschule2badgoisern.at\/?p=7324"},"modified":"2026-04-26T20:29:39","modified_gmt":"2026-04-26T20:29:39","slug":"schuelerinnen-und-schueler-der-digims-2-begeistern-bei-vorlesetag-in-bad-goisern","status":"publish","type":"post","link":"https:\/\/digimittelschule2badgoisern.at\/?p=7324","title":{"rendered":"Sch\u00fclerinnen und Sch\u00fcler der digiMS 2 begeistern bei Vorlesetag in Bad Goisern"},"content":{"rendered":"\t\t<div data-elementor-type=\"wp-post\" data-elementor-id=\"7324\" class=\"elementor elementor-7324\" data-elementor-post-type=\"post\">\n\t\t\t\t\t\t<section class=\"elementor-section elementor-top-section elementor-element elementor-element-abac74d elementor-section-boxed elementor-section-height-default elementor-section-height-default\" data-id=\"abac74d\" data-element_type=\"section\">\n\t\t\t\t\t\t<div class=\"elementor-container elementor-column-gap-default\">\n\t\t\t\t\t<div class=\"elementor-column elementor-col-100 elementor-top-column elementor-element elementor-element-ddd474c\" data-id=\"ddd474c\" data-element_type=\"column\">\n\t\t\t<div class=\"elementor-widget-wrap elementor-element-populated\">\n\t\t\t\t\t\t<div class=\"elementor-element elementor-element-fab11f1 elementor-widget elementor-widget-text-editor\" data-id=\"fab11f1\" data-element_type=\"widget\" data-widget_type=\"text-editor.default\">\n\t\t\t\t<div class=\"elementor-widget-container\">\n\t\t\t\t\t\t\t<p>Beim diesj\u00e4hrigen Vorlesetag am 23. April 2026 pr\u00e4sentierten zwei Sch\u00fcler aus den<br \/>dritten Klassen (Tobias Winkler 3a und David Gschwandtner 3b) sowie eine Sch\u00fclerin<br \/>(Elena Jesse 1a) im Handwerkshaus ihre selbst verfassten Geschichten vor<br \/>Publikum. Die jungen Autorinnen und Autoren trugen eindrucksvoll vor und erhielten<br \/>begeisterten Applaus von Lehrerinnen, Mitsch\u00fclerinnen und Mitsch\u00fclern sowie Eltern.<br \/>Die Vorlesenden nahmen das Publikum mit auf Abenteuer und m\u00e4rchenhafte<br \/>Momente und beeindruckten durch Fantasie, klare Sprache und spannende<br \/>Wendungen.<br \/>Als Belohnung f\u00fcr ihr Engagement und ihr Talent durften die drei Teilnehmenden<br \/>einen B\u00fcchergutschein entgegennehmen. Die Schulleitung zeigte sich stolz \u00fcber den<br \/>Einsatz und sieht den Vorlesetag als gelungenes Beispiel f\u00fcr kreative Schreibkultur in<br \/>der Schule.<br \/>Ein Tag, der Lust aufs Lesen macht und zeigt, wie wichtig das Verfassen eigener<br \/>Geschichten f\u00fcr die Entwicklung junger Schreibk\u00fcnste ist.<\/p>\t\t\t\t\t\t<\/div>\n\t\t\t\t<\/div>\n\t\t\t\t\t<\/div>\n\t\t<\/div>\n\t\t\t\t\t<\/div>\n\t\t<\/section>\n\t\t\t\t<section class=\"elementor-section elementor-top-section elementor-element elementor-element-b72b498 elementor-section-boxed elementor-section-height-default elementor-section-height-default\" data-id=\"b72b498\" data-element_type=\"section\">\n\t\t\t\t\t\t<div class=\"elementor-container elementor-column-gap-default\">\n\t\t\t\t\t<div class=\"elementor-column elementor-col-100 elementor-top-column elementor-element elementor-element-a2a0d12\" data-id=\"a2a0d12\" data-element_type=\"column\">\n\t\t\t<div class=\"elementor-widget-wrap elementor-element-populated\">\n\t\t\t\t\t\t<div class=\"elementor-element elementor-element-c768082 elementor-widget elementor-widget-image-gallery\" data-id=\"c768082\" data-element_type=\"widget\" data-widget_type=\"image-gallery.default\">\n\t\t\t\t<div class=\"elementor-widget-container\">\n\t\t\t\t\t<div class=\"elementor-image-gallery\">\n\t\t\t<div id='gallery-1' class='gallery galleryid-7324 gallery-columns-3 gallery-size-thumbnail'><figure class='gallery-item'>\n\t\t\t<div class='gallery-icon portrait'>\n\t\t\t\t<a data-elementor-open-lightbox=\"yes\" data-elementor-lightbox-slideshow=\"c768082\" data-elementor-lightbox-title=\"20260423_111429\" data-e-action-hash=\"#elementor-action%3Aaction%3Dlightbox%26settings%3DeyJpZCI6NzMyNiwidXJsIjoiaHR0cHM6XC9cL2RpZ2ltaXR0ZWxzY2h1bGUyYmFkZ29pc2Vybi5hdFwvd3AtY29udGVudFwvdXBsb2Fkc1wvMjAyNlwvMDRcLzIwMjYwNDIzXzExMTQyOS1zY2FsZWQuanBnIiwic2xpZGVzaG93IjoiYzc2ODA4MiJ9\" href='https:\/\/digimittelschule2badgoisern.at\/wp-content\/uploads\/2026\/04\/20260423_111429-scaled.jpg'><img decoding=\"async\" width=\"150\" height=\"150\" src=\"https:\/\/digimittelschule2badgoisern.at\/wp-content\/uploads\/2026\/04\/20260423_111429-150x150.jpg\" class=\"attachment-thumbnail size-thumbnail\" alt=\"\" srcset=\"https:\/\/digimittelschule2badgoisern.at\/wp-content\/uploads\/2026\/04\/20260423_111429-150x150.jpg 150w, https:\/\/digimittelschule2badgoisern.at\/wp-content\/uploads\/2026\/04\/20260423_111429-600x600.jpg 600w\" sizes=\"(max-width: 150px) 100vw, 150px\" \/><\/a>\n\t\t\t<\/div><\/figure><figure class='gallery-item'>\n\t\t\t<div class='gallery-icon portrait'>\n\t\t\t\t<a data-elementor-open-lightbox=\"yes\" data-elementor-lightbox-slideshow=\"c768082\" data-elementor-lightbox-title=\"20260423_111145\" data-e-action-hash=\"#elementor-action%3Aaction%3Dlightbox%26settings%3DeyJpZCI6NzMyNywidXJsIjoiaHR0cHM6XC9cL2RpZ2ltaXR0ZWxzY2h1bGUyYmFkZ29pc2Vybi5hdFwvd3AtY29udGVudFwvdXBsb2Fkc1wvMjAyNlwvMDRcLzIwMjYwNDIzXzExMTE0NS1zY2FsZWQuanBnIiwic2xpZGVzaG93IjoiYzc2ODA4MiJ9\" href='https:\/\/digimittelschule2badgoisern.at\/wp-content\/uploads\/2026\/04\/20260423_111145-scaled.jpg'><img decoding=\"async\" width=\"150\" height=\"150\" src=\"https:\/\/digimittelschule2badgoisern.at\/wp-content\/uploads\/2026\/04\/20260423_111145-150x150.jpg\" class=\"attachment-thumbnail size-thumbnail\" alt=\"\" srcset=\"https:\/\/digimittelschule2badgoisern.at\/wp-content\/uploads\/2026\/04\/20260423_111145-150x150.jpg 150w, https:\/\/digimittelschule2badgoisern.at\/wp-content\/uploads\/2026\/04\/20260423_111145-600x600.jpg 600w\" sizes=\"(max-width: 150px) 100vw, 150px\" \/><\/a>\n\t\t\t<\/div><\/figure><figure class='gallery-item'>\n\t\t\t<div class='gallery-icon portrait'>\n\t\t\t\t<a data-elementor-open-lightbox=\"yes\" data-elementor-lightbox-slideshow=\"c768082\" data-elementor-lightbox-title=\"20260423_111721\" data-e-action-hash=\"#elementor-action%3Aaction%3Dlightbox%26settings%3DeyJpZCI6NzMyOCwidXJsIjoiaHR0cHM6XC9cL2RpZ2ltaXR0ZWxzY2h1bGUyYmFkZ29pc2Vybi5hdFwvd3AtY29udGVudFwvdXBsb2Fkc1wvMjAyNlwvMDRcLzIwMjYwNDIzXzExMTcyMS1zY2FsZWQuanBnIiwic2xpZGVzaG93IjoiYzc2ODA4MiJ9\" href='https:\/\/digimittelschule2badgoisern.at\/wp-content\/uploads\/2026\/04\/20260423_111721-scaled.jpg'><img decoding=\"async\" width=\"150\" height=\"150\" src=\"https:\/\/digimittelschule2badgoisern.at\/wp-content\/uploads\/2026\/04\/20260423_111721-150x150.jpg\" class=\"attachment-thumbnail size-thumbnail\" alt=\"\" srcset=\"https:\/\/digimittelschule2badgoisern.at\/wp-content\/uploads\/2026\/04\/20260423_111721-150x150.jpg 150w, https:\/\/digimittelschule2badgoisern.at\/wp-content\/uploads\/2026\/04\/20260423_111721-600x600.jpg 600w\" sizes=\"(max-width: 150px) 100vw, 150px\" \/><\/a>\n\t\t\t<\/div><\/figure>\n\t\t<\/div>\n\t\t<\/div>\n\t\t\t\t<\/div>\n\t\t\t\t<\/div>\n\t\t\t\t\t<\/div>\n\t\t<\/div>\n\t\t\t\t\t<\/div>\n\t\t<\/section>\n\t\t\t\t<\/div>\n\t\t","protected":false},"excerpt":{"rendered":"<p>Beim diesj\u00e4hrigen Vorlesetag am 23. April 2026 pr\u00e4sentierten zwei Sch\u00fcler aus dendritten Klassen (Tobias Winkler 3a und David Gschwandtner 3b) sowie eine Sch\u00fclerin(Elena Jesse 1a) im Handwerkshaus ihre selbst verfassten Geschichten vorPublikum. Die jungen Autorinnen und Autoren trugen eindrucksvoll vor und erhieltenbegeisterten Applaus von Lehrerinnen, Mitsch\u00fclerinnen und Mitsch\u00fclern sowie Eltern.Die Vorlesenden nahmen das Publikum mit [&hellip;]<\/p>\n","protected":false},"author":1,"featured_media":7329,"comment_status":"closed","ping_status":"closed","sticky":false,"template":"","format":"standard","meta":{"ocean_post_layout":"","ocean_both_sidebars_style":"","ocean_both_sidebars_content_width":0,"ocean_both_sidebars_sidebars_width":0,"ocean_sidebar":"","ocean_second_sidebar":"","ocean_disable_margins":"enable","ocean_add_body_class":"","ocean_shortcode_before_top_bar":"","ocean_shortcode_after_top_bar":"","ocean_shortcode_before_header":"","ocean_shortcode_after_header":"","ocean_has_shortcode":"","ocean_shortcode_after_title":"","ocean_shortcode_before_footer_widgets":"","ocean_shortcode_after_footer_widgets":"","ocean_shortcode_before_footer_bottom":"","ocean_shortcode_after_footer_bottom":"","ocean_display_top_bar":"default","ocean_display_header":"default","ocean_header_style":"","ocean_center_header_left_menu":"","ocean_custom_header_template":"","ocean_custom_logo":0,"ocean_custom_retina_logo":0,"ocean_custom_logo_max_width":0,"ocean_custom_logo_tablet_max_width":0,"ocean_custom_logo_mobile_max_width":0,"ocean_custom_logo_max_height":0,"ocean_custom_logo_tablet_max_height":0,"ocean_custom_logo_mobile_max_height":0,"ocean_header_custom_menu":"","ocean_menu_typo_font_family":"","ocean_menu_typo_font_subset":"","ocean_menu_typo_font_size":0,"ocean_menu_typo_font_size_tablet":0,"ocean_menu_typo_font_size_mobile":0,"ocean_menu_typo_font_size_unit":"px","ocean_menu_typo_font_weight":"","ocean_menu_typo_font_weight_tablet":"","ocean_menu_typo_font_weight_mobile":"","ocean_menu_typo_transform":"","ocean_menu_typo_transform_tablet":"","ocean_menu_typo_transform_mobile":"","ocean_menu_typo_line_height":0,"ocean_menu_typo_line_height_tablet":0,"ocean_menu_typo_line_height_mobile":0,"ocean_menu_typo_line_height_unit":"","ocean_menu_typo_spacing":0,"ocean_menu_typo_spacing_tablet":0,"ocean_menu_typo_spacing_mobile":0,"ocean_menu_typo_spacing_unit":"","ocean_menu_link_color":"","ocean_menu_link_color_hover":"","ocean_menu_link_color_active":"","ocean_menu_link_background":"","ocean_menu_link_hover_background":"","ocean_menu_link_active_background":"","ocean_menu_social_links_bg":"","ocean_menu_social_hover_links_bg":"","ocean_menu_social_links_color":"","ocean_menu_social_hover_links_color":"","ocean_disable_title":"default","ocean_disable_heading":"default","ocean_post_title":"","ocean_post_subheading":"","ocean_post_title_style":"","ocean_post_title_background_color":"","ocean_post_title_background":0,"ocean_post_title_bg_image_position":"","ocean_post_title_bg_image_attachment":"","ocean_post_title_bg_image_repeat":"","ocean_post_title_bg_image_size":"","ocean_post_title_height":0,"ocean_post_title_bg_overlay":0.5,"ocean_post_title_bg_overlay_color":"","ocean_disable_breadcrumbs":"default","ocean_breadcrumbs_color":"","ocean_breadcrumbs_separator_color":"","ocean_breadcrumbs_links_color":"","ocean_breadcrumbs_links_hover_color":"","ocean_display_footer_widgets":"default","ocean_display_footer_bottom":"default","ocean_custom_footer_template":"","ocean_post_oembed":"","ocean_post_self_hosted_media":"","ocean_post_video_embed":"","ocean_link_format":"","ocean_link_format_target":"self","ocean_quote_format":"","ocean_quote_format_link":"post","ocean_gallery_link_images":"on","ocean_gallery_id":[],"footnotes":""},"categories":[1],"tags":[],"class_list":["post-7324","post","type-post","status-publish","format-standard","has-post-thumbnail","hentry","category-uncategorized","entry","has-media"],"_links":{"self":[{"href":"https:\/\/digimittelschule2badgoisern.at\/index.php?rest_route=\/wp\/v2\/posts\/7324","targetHints":{"allow":["GET"]}}],"collection":[{"href":"https:\/\/digimittelschule2badgoisern.at\/index.php?rest_route=\/wp\/v2\/posts"}],"about":[{"href":"https:\/\/digimittelschule2badgoisern.at\/index.php?rest_route=\/wp\/v2\/types\/post"}],"author":[{"embeddable":true,"href":"https:\/\/digimittelschule2badgoisern.at\/index.php?rest_route=\/wp\/v2\/users\/1"}],"replies":[{"embeddable":true,"href":"https:\/\/digimittelschule2badgoisern.at\/index.php?rest_route=%2Fwp%2Fv2%2Fcomments&post=7324"}],"version-history":[{"count":4,"href":"https:\/\/digimittelschule2badgoisern.at\/index.php?rest_route=\/wp\/v2\/posts\/7324\/revisions"}],"predecessor-version":[{"id":7332,"href":"https:\/\/digimittelschule2badgoisern.at\/index.php?rest_route=\/wp\/v2\/posts\/7324\/revisions\/7332"}],"wp:featuredmedia":[{"embeddable":true,"href":"https:\/\/digimittelschule2badgoisern.at\/index.php?rest_route=\/wp\/v2\/media\/7329"}],"wp:attachment":[{"href":"https:\/\/digimittelschule2badgoisern.at\/index.php?rest_route=%2Fwp%2Fv2%2Fmedia&parent=7324"}],"wp:term":[{"taxonomy":"category","embeddable":true,"href":"https:\/\/digimittelschule2badgoisern.at\/index.php?rest_route=%2Fwp%2Fv2%2Fcategories&post=7324"},{"taxonomy":"post_tag","embeddable":true,"href":"https:\/\/digimittelschule2badgoisern.at\/index.php?rest_route=%2Fwp%2Fv2%2Ftags&post=7324"}],"curies":[{"name":"wp","href":"https:\/\/api.w.org\/{rel}","templated":true}]}}