{"id":7339,"date":"2026-04-28T12:21:29","date_gmt":"2026-04-28T12:21:29","guid":{"rendered":"https:\/\/digimittelschule2badgoisern.at\/?p=7339"},"modified":"2026-04-28T12:25:59","modified_gmt":"2026-04-28T12:25:59","slug":"hallen-mehrkampf-an-der-digims-2-bad-goisern","status":"publish","type":"post","link":"https:\/\/digimittelschule2badgoisern.at\/?p=7339","title":{"rendered":"Hallen-Mehrkampf an der digiMS 2 Bad Goisern"},"content":{"rendered":"\t\t<div data-elementor-type=\"wp-post\" data-elementor-id=\"7339\" class=\"elementor elementor-7339\" data-elementor-post-type=\"post\">\n\t\t\t\t\t\t<section class=\"elementor-section elementor-top-section elementor-element elementor-element-c550525 elementor-section-boxed elementor-section-height-default elementor-section-height-default\" data-id=\"c550525\" data-element_type=\"section\">\n\t\t\t\t\t\t<div class=\"elementor-container elementor-column-gap-default\">\n\t\t\t\t\t<div class=\"elementor-column elementor-col-100 elementor-top-column elementor-element elementor-element-d9cefd9\" data-id=\"d9cefd9\" data-element_type=\"column\">\n\t\t\t<div class=\"elementor-widget-wrap elementor-element-populated\">\n\t\t\t\t\t\t<div class=\"elementor-element elementor-element-13a7c1e elementor-widget elementor-widget-text-editor\" data-id=\"13a7c1e\" data-element_type=\"widget\" data-widget_type=\"text-editor.default\">\n\t\t\t\t<div class=\"elementor-widget-container\">\n\t\t\t\t\t\t\t<p>Im Rahmen des \u201eTages der Bewegung\u201c fanden an der digiMS 2 Bad Goisern die Schulmeisterschaften im Hallen-Mehrkampf statt. Die Sch\u00fclerinnen und Sch\u00fcler stellten dabei in den Disziplinen Laufen, Springen und Werfen ihr K\u00f6nnen unter Beweis.<\/p><p>Mit gro\u00dfem Einsatz und viel Motivation gingen alle Teilnehmerinnen und Teilnehmer an den Start. Besonders erfreulich waren die zahlreichen pers\u00f6nlichen Bestleistungen, die im Laufe des Wettkampfes erzielt wurden.<\/p><p>Der Mehrkampf entwickelte sich zu einem rundum gelungenen Sportfest, bei dem nicht nur die sportliche Leistung, sondern auch der Spa\u00df an der Bewegung im Mittelpunkt stand. Die Veranstaltung zeigte einmal mehr, wie wichtig Bewegung und Sport im Schulalltag sind.<\/p>\t\t\t\t\t\t<\/div>\n\t\t\t\t<\/div>\n\t\t\t\t<div class=\"elementor-element elementor-element-25ab922 elementor-widget elementor-widget-image-gallery\" data-id=\"25ab922\" data-element_type=\"widget\" data-widget_type=\"image-gallery.default\">\n\t\t\t\t<div class=\"elementor-widget-container\">\n\t\t\t\t\t<div class=\"elementor-image-gallery\">\n\t\t\t<div id='gallery-1' class='gallery galleryid-7339 gallery-columns-4 gallery-size-thumbnail'><figure class='gallery-item'>\n\t\t\t<div class='gallery-icon portrait'>\n\t\t\t\t<a data-elementor-open-lightbox=\"yes\" data-elementor-lightbox-slideshow=\"25ab922\" data-elementor-lightbox-title=\"IMG_0579\" data-e-action-hash=\"#elementor-action%3Aaction%3Dlightbox%26settings%3DeyJpZCI6NzM0NCwidXJsIjoiaHR0cHM6XC9cL2RpZ2ltaXR0ZWxzY2h1bGUyYmFkZ29pc2Vybi5hdFwvd3AtY29udGVudFwvdXBsb2Fkc1wvMjAyNlwvMDRcL0lNR18wNTc5LXNjYWxlZC5qcGciLCJzbGlkZXNob3ciOiIyNWFiOTIyIn0%3D\" href='https:\/\/digimittelschule2badgoisern.at\/wp-content\/uploads\/2026\/04\/IMG_0579-scaled.jpg'><img decoding=\"async\" width=\"150\" height=\"150\" src=\"https:\/\/digimittelschule2badgoisern.at\/wp-content\/uploads\/2026\/04\/IMG_0579-150x150.jpg\" class=\"attachment-thumbnail size-thumbnail\" alt=\"\" srcset=\"https:\/\/digimittelschule2badgoisern.at\/wp-content\/uploads\/2026\/04\/IMG_0579-150x150.jpg 150w, https:\/\/digimittelschule2badgoisern.at\/wp-content\/uploads\/2026\/04\/IMG_0579-600x600.jpg 600w\" sizes=\"(max-width: 150px) 100vw, 150px\" \/><\/a>\n\t\t\t<\/div><\/figure><figure class='gallery-item'>\n\t\t\t<div class='gallery-icon portrait'>\n\t\t\t\t<a data-elementor-open-lightbox=\"yes\" data-elementor-lightbox-slideshow=\"25ab922\" data-elementor-lightbox-title=\"Hallen-Mehrkampf_Foto\" data-e-action-hash=\"#elementor-action%3Aaction%3Dlightbox%26settings%3DeyJpZCI6NzM0MSwidXJsIjoiaHR0cHM6XC9cL2RpZ2ltaXR0ZWxzY2h1bGUyYmFkZ29pc2Vybi5hdFwvd3AtY29udGVudFwvdXBsb2Fkc1wvMjAyNlwvMDRcL0hhbGxlbi1NZWhya2FtcGZfRm90by1zY2FsZWQuanBnIiwic2xpZGVzaG93IjoiMjVhYjkyMiJ9\" href='https:\/\/digimittelschule2badgoisern.at\/wp-content\/uploads\/2026\/04\/Hallen-Mehrkampf_Foto-scaled.jpg'><img decoding=\"async\" width=\"150\" height=\"150\" src=\"https:\/\/digimittelschule2badgoisern.at\/wp-content\/uploads\/2026\/04\/Hallen-Mehrkampf_Foto-150x150.jpg\" class=\"attachment-thumbnail size-thumbnail\" alt=\"\" srcset=\"https:\/\/digimittelschule2badgoisern.at\/wp-content\/uploads\/2026\/04\/Hallen-Mehrkampf_Foto-150x150.jpg 150w, https:\/\/digimittelschule2badgoisern.at\/wp-content\/uploads\/2026\/04\/Hallen-Mehrkampf_Foto-600x600.jpg 600w\" sizes=\"(max-width: 150px) 100vw, 150px\" \/><\/a>\n\t\t\t<\/div><\/figure><figure class='gallery-item'>\n\t\t\t<div class='gallery-icon portrait'>\n\t\t\t\t<a data-elementor-open-lightbox=\"yes\" data-elementor-lightbox-slideshow=\"25ab922\" data-elementor-lightbox-title=\"IMG_0576\" data-e-action-hash=\"#elementor-action%3Aaction%3Dlightbox%26settings%3DeyJpZCI6NzM0MywidXJsIjoiaHR0cHM6XC9cL2RpZ2ltaXR0ZWxzY2h1bGUyYmFkZ29pc2Vybi5hdFwvd3AtY29udGVudFwvdXBsb2Fkc1wvMjAyNlwvMDRcL0lNR18wNTc2LXNjYWxlZC5qcGciLCJzbGlkZXNob3ciOiIyNWFiOTIyIn0%3D\" href='https:\/\/digimittelschule2badgoisern.at\/wp-content\/uploads\/2026\/04\/IMG_0576-scaled.jpg'><img decoding=\"async\" width=\"150\" height=\"150\" src=\"https:\/\/digimittelschule2badgoisern.at\/wp-content\/uploads\/2026\/04\/IMG_0576-150x150.jpg\" class=\"attachment-thumbnail size-thumbnail\" alt=\"\" srcset=\"https:\/\/digimittelschule2badgoisern.at\/wp-content\/uploads\/2026\/04\/IMG_0576-150x150.jpg 150w, https:\/\/digimittelschule2badgoisern.at\/wp-content\/uploads\/2026\/04\/IMG_0576-600x600.jpg 600w\" sizes=\"(max-width: 150px) 100vw, 150px\" \/><\/a>\n\t\t\t<\/div><\/figure><figure class='gallery-item'>\n\t\t\t<div class='gallery-icon portrait'>\n\t\t\t\t<a data-elementor-open-lightbox=\"yes\" data-elementor-lightbox-slideshow=\"25ab922\" data-elementor-lightbox-title=\"IMG_0553\" data-e-action-hash=\"#elementor-action%3Aaction%3Dlightbox%26settings%3DeyJpZCI6NzM0NSwidXJsIjoiaHR0cHM6XC9cL2RpZ2ltaXR0ZWxzY2h1bGUyYmFkZ29pc2Vybi5hdFwvd3AtY29udGVudFwvdXBsb2Fkc1wvMjAyNlwvMDRcL0lNR18wNTUzLXNjYWxlZC5qcGciLCJzbGlkZXNob3ciOiIyNWFiOTIyIn0%3D\" href='https:\/\/digimittelschule2badgoisern.at\/wp-content\/uploads\/2026\/04\/IMG_0553-scaled.jpg'><img loading=\"lazy\" decoding=\"async\" width=\"150\" height=\"150\" src=\"https:\/\/digimittelschule2badgoisern.at\/wp-content\/uploads\/2026\/04\/IMG_0553-150x150.jpg\" class=\"attachment-thumbnail size-thumbnail\" alt=\"\" srcset=\"https:\/\/digimittelschule2badgoisern.at\/wp-content\/uploads\/2026\/04\/IMG_0553-150x150.jpg 150w, https:\/\/digimittelschule2badgoisern.at\/wp-content\/uploads\/2026\/04\/IMG_0553-600x600.jpg 600w\" sizes=\"(max-width: 150px) 100vw, 150px\" \/><\/a>\n\t\t\t<\/div><\/figure>\n\t\t<\/div>\n\t\t<\/div>\n\t\t\t\t<\/div>\n\t\t\t\t<\/div>\n\t\t\t\t\t<\/div>\n\t\t<\/div>\n\t\t\t\t\t<\/div>\n\t\t<\/section>\n\t\t\t\t<\/div>\n\t\t","protected":false},"excerpt":{"rendered":"<p>Im Rahmen des \u201eTages der Bewegung\u201c fanden an der digiMS 2 Bad Goisern die Schulmeisterschaften im Hallen-Mehrkampf statt. Die Sch\u00fclerinnen und Sch\u00fcler stellten dabei in den Disziplinen Laufen, Springen und Werfen ihr K\u00f6nnen unter Beweis. Mit gro\u00dfem Einsatz und viel Motivation gingen alle Teilnehmerinnen und Teilnehmer an den Start. Besonders erfreulich waren die zahlreichen pers\u00f6nlichen [&hellip;]<\/p>\n","protected":false},"author":1,"featured_media":7342,"comment_status":"closed","ping_status":"closed","sticky":false,"template":"","format":"standard","meta":{"ocean_post_layout":"","ocean_both_sidebars_style":"","ocean_both_sidebars_content_width":0,"ocean_both_sidebars_sidebars_width":0,"ocean_sidebar":"","ocean_second_sidebar":"","ocean_disable_margins":"enable","ocean_add_body_class":"","ocean_shortcode_before_top_bar":"","ocean_shortcode_after_top_bar":"","ocean_shortcode_before_header":"","ocean_shortcode_after_header":"","ocean_has_shortcode":"","ocean_shortcode_after_title":"","ocean_shortcode_before_footer_widgets":"","ocean_shortcode_after_footer_widgets":"","ocean_shortcode_before_footer_bottom":"","ocean_shortcode_after_footer_bottom":"","ocean_display_top_bar":"default","ocean_display_header":"default","ocean_header_style":"","ocean_center_header_left_menu":"","ocean_custom_header_template":"","ocean_custom_logo":0,"ocean_custom_retina_logo":0,"ocean_custom_logo_max_width":0,"ocean_custom_logo_tablet_max_width":0,"ocean_custom_logo_mobile_max_width":0,"ocean_custom_logo_max_height":0,"ocean_custom_logo_tablet_max_height":0,"ocean_custom_logo_mobile_max_height":0,"ocean_header_custom_menu":"","ocean_menu_typo_font_family":"","ocean_menu_typo_font_subset":"","ocean_menu_typo_font_size":0,"ocean_menu_typo_font_size_tablet":0,"ocean_menu_typo_font_size_mobile":0,"ocean_menu_typo_font_size_unit":"px","ocean_menu_typo_font_weight":"","ocean_menu_typo_font_weight_tablet":"","ocean_menu_typo_font_weight_mobile":"","ocean_menu_typo_transform":"","ocean_menu_typo_transform_tablet":"","ocean_menu_typo_transform_mobile":"","ocean_menu_typo_line_height":0,"ocean_menu_typo_line_height_tablet":0,"ocean_menu_typo_line_height_mobile":0,"ocean_menu_typo_line_height_unit":"","ocean_menu_typo_spacing":0,"ocean_menu_typo_spacing_tablet":0,"ocean_menu_typo_spacing_mobile":0,"ocean_menu_typo_spacing_unit":"","ocean_menu_link_color":"","ocean_menu_link_color_hover":"","ocean_menu_link_color_active":"","ocean_menu_link_background":"","ocean_menu_link_hover_background":"","ocean_menu_link_active_background":"","ocean_menu_social_links_bg":"","ocean_menu_social_hover_links_bg":"","ocean_menu_social_links_color":"","ocean_menu_social_hover_links_color":"","ocean_disable_title":"default","ocean_disable_heading":"default","ocean_post_title":"","ocean_post_subheading":"","ocean_post_title_style":"","ocean_post_title_background_color":"","ocean_post_title_background":0,"ocean_post_title_bg_image_position":"","ocean_post_title_bg_image_attachment":"","ocean_post_title_bg_image_repeat":"","ocean_post_title_bg_image_size":"","ocean_post_title_height":0,"ocean_post_title_bg_overlay":0.5,"ocean_post_title_bg_overlay_color":"","ocean_disable_breadcrumbs":"default","ocean_breadcrumbs_color":"","ocean_breadcrumbs_separator_color":"","ocean_breadcrumbs_links_color":"","ocean_breadcrumbs_links_hover_color":"","ocean_display_footer_widgets":"default","ocean_display_footer_bottom":"default","ocean_custom_footer_template":"","ocean_post_oembed":"","ocean_post_self_hosted_media":"","ocean_post_video_embed":"","ocean_link_format":"","ocean_link_format_target":"self","ocean_quote_format":"","ocean_quote_format_link":"post","ocean_gallery_link_images":"on","ocean_gallery_id":[],"footnotes":""},"categories":[1],"tags":[],"class_list":["post-7339","post","type-post","status-publish","format-standard","has-post-thumbnail","hentry","category-uncategorized","entry","has-media"],"_links":{"self":[{"href":"https:\/\/digimittelschule2badgoisern.at\/index.php?rest_route=\/wp\/v2\/posts\/7339","targetHints":{"allow":["GET"]}}],"collection":[{"href":"https:\/\/digimittelschule2badgoisern.at\/index.php?rest_route=\/wp\/v2\/posts"}],"about":[{"href":"https:\/\/digimittelschule2badgoisern.at\/index.php?rest_route=\/wp\/v2\/types\/post"}],"author":[{"embeddable":true,"href":"https:\/\/digimittelschule2badgoisern.at\/index.php?rest_route=\/wp\/v2\/users\/1"}],"replies":[{"embeddable":true,"href":"https:\/\/digimittelschule2badgoisern.at\/index.php?rest_route=%2Fwp%2Fv2%2Fcomments&post=7339"}],"version-history":[{"count":4,"href":"https:\/\/digimittelschule2badgoisern.at\/index.php?rest_route=\/wp\/v2\/posts\/7339\/revisions"}],"predecessor-version":[{"id":7348,"href":"https:\/\/digimittelschule2badgoisern.at\/index.php?rest_route=\/wp\/v2\/posts\/7339\/revisions\/7348"}],"wp:featuredmedia":[{"embeddable":true,"href":"https:\/\/digimittelschule2badgoisern.at\/index.php?rest_route=\/wp\/v2\/media\/7342"}],"wp:attachment":[{"href":"https:\/\/digimittelschule2badgoisern.at\/index.php?rest_route=%2Fwp%2Fv2%2Fmedia&parent=7339"}],"wp:term":[{"taxonomy":"category","embeddable":true,"href":"https:\/\/digimittelschule2badgoisern.at\/index.php?rest_route=%2Fwp%2Fv2%2Fcategories&post=7339"},{"taxonomy":"post_tag","embeddable":true,"href":"https:\/\/digimittelschule2badgoisern.at\/index.php?rest_route=%2Fwp%2Fv2%2Ftags&post=7339"}],"curies":[{"name":"wp","href":"https:\/\/api.w.org\/{rel}","templated":true}]}}